{"id":686,"date":"2023-09-29T11:04:34","date_gmt":"2023-09-29T11:04:34","guid":{"rendered":"https:\/\/aupca.owlcrea.com\/?p=686"},"modified":"2023-10-17T10:05:24","modified_gmt":"2023-10-17T10:05:24","slug":"lautorite-denregistrement-des-projets-carbone-creee-copy-6","status":"publish","type":"post","link":"https:\/\/www.aepcbenin.com\/?p=686","title":{"rendered":"L\u2019Autorit\u00e9 d\u2019enregistrement des projets carbone cr\u00e9\u00e9e"},"content":{"rendered":"\n<h4 class=\"wp-block-heading\"><strong>L&rsquo;information en temps r\u00e9el<\/strong><\/h4>\n\n\n\n<p><strong>En Conseil des ministres mercredi 07 d\u00e9cembre 2022, le gouvernement a adopt\u00e9 les modalit\u00e9s d\u2019enregistrement des projets carbone en R\u00e9publique du B\u00e9nin. Le d\u00e9cret portant cr\u00e9ation de l\u2019Autorit\u00e9 d\u2019enregistrement des projets carbone a \u00e9t\u00e9 \u00e9galement adopt\u00e9.<\/strong><\/p>\n\n\n\n<p>Selon le Conseil des ministres, les r\u00e9formes et politiques mises en place en 2016 ont permis d\u2019am\u00e9liorer le niveau d\u2019\u00e9mission de gaz \u00e0 effet de serre au B\u00e9nin. Pour capitaliser ces acquis, il convient d\u2019asseoir une strat\u00e9gie de d\u00e9veloppement sobre en carbone qui soit en ad\u00e9quation avec les efforts d\u2019industrialisation en cours, lit-on dans le communiqu\u00e9 du gouvernement.<br>En instaurant l\u2019exigence de mobiliser des ressources et de r\u00e9duire les co\u00fbts, les march\u00e9s carbone donnent aux pays et aux entreprises, la marge de man\u0153uvre n\u00e9cessaire pour faciliter la transition bas carbone, a rappel\u00e9 le gouvernement. Dans ce cadre, les \u00e9volutions r\u00e9centes de ces march\u00e9s et la croissance de la demande de cr\u00e9dit volontaire associ\u00e9e sur des march\u00e9s \u00e9mergents am\u00e8nent \u00e0 une r\u00e8glementation carbone \u00e0 l\u2019\u00e9chelle nationale. D\u00e8s lors, l\u2019obligation de prise en compte dans le registre national de tous les projets carbone existants et futurs garantira une visibilit\u00e9 et un niveau de qualit\u00e9 des cr\u00e9dits carbone g\u00e9n\u00e9r\u00e9s dans le pays et aidera au recensement exhaustif des actifs carbone, informe le communiqu\u00e9 du conseil des ministres. Il pr\u00e9cise ensuite que la fixation des modalit\u00e9s d\u2019enregistrement permettra ainsi d\u2019\u00e9tablir un cadre pratique pour favoriser le recensement de tous les projets carbone d\u00e9velopp\u00e9s dans le pays. Il donnera aux promoteurs du public ou du priv\u00e9, le d\u00e9tail des exigences requises et d\u00e9finira le droit carbone au niveau national.<\/p>\n","protected":false},"excerpt":{"rendered":"<p>L&rsquo;information en temps r\u00e9el En Conseil des ministres mercredi 07 d\u00e9cembre 2022, le gouvernement a adopt\u00e9 les modalit\u00e9s d\u2019enregistrement des projets carbone en R\u00e9publique du B\u00e9nin. Le d\u00e9cret portant cr\u00e9ation de l\u2019Autorit\u00e9 d\u2019enregistrement des projets carbone a \u00e9t\u00e9 \u00e9galement adopt\u00e9. Selon le Conseil des ministres, les r\u00e9formes et politiques mises en place en 2016 ont [&hellip;]<\/p>\n","protected":false},"author":1,"featured_media":1021,"comment_status":"open","ping_status":"open","sticky":false,"template":"","format":"standard","meta":{"om_disable_all_campaigns":false,"_monsterinsights_skip_tracking":false,"_monsterinsights_sitenote_active":false,"_monsterinsights_sitenote_note":"","_monsterinsights_sitenote_category":0,"_uf_show_specific_survey":0,"_uf_disable_surveys":false,"footnotes":""},"categories":[12],"tags":[],"class_list":["post-686","post","type-post","status-publish","format-standard","has-post-thumbnail","hentry","category-video"],"aioseo_notices":[],"yoast_head":"<!-- This site is optimized with the Yoast SEO plugin v23.1 - https:\/\/yoast.com\/wordpress\/plugins\/seo\/ -->\n<title>L\u2019Autorit\u00e9 d\u2019enregistrement des projets carbone cr\u00e9\u00e9e - Autorit\u00e9 d&#039;Enregistrement des Projets Carbone<\/title>\n<meta name=\"robots\" content=\"index, follow, max-snippet:-1, max-image-preview:large, max-video-preview:-1\" \/>\n<link rel=\"canonical\" href=\"https:\/\/www.aepcbenin.com\/?p=686\" \/>\n<meta property=\"og:locale\" content=\"fr_FR\" \/>\n<meta property=\"og:type\" content=\"article\" \/>\n<meta property=\"og:title\" content=\"L\u2019Autorit\u00e9 d\u2019enregistrement des projets carbone cr\u00e9\u00e9e - Autorit\u00e9 d&#039;Enregistrement des Projets Carbone\" \/>\n<meta property=\"og:description\" content=\"L&rsquo;information en temps r\u00e9el En Conseil des ministres mercredi 07 d\u00e9cembre 2022, le gouvernement a adopt\u00e9 les modalit\u00e9s d\u2019enregistrement des projets carbone en R\u00e9publique du B\u00e9nin. Le d\u00e9cret portant cr\u00e9ation de l\u2019Autorit\u00e9 d\u2019enregistrement des projets carbone a \u00e9t\u00e9 \u00e9galement adopt\u00e9. Selon le Conseil des ministres, les r\u00e9formes et politiques mises en place en 2016 ont [&hellip;]\" \/>\n<meta property=\"og:url\" content=\"https:\/\/www.aepcbenin.com\/?p=686\" \/>\n<meta property=\"og:site_name\" content=\"Autorit\u00e9 d&#039;Enregistrement des Projets Carbone\" \/>\n<meta property=\"article:published_time\" content=\"2023-09-29T11:04:34+00:00\" \/>\n<meta property=\"article:modified_time\" content=\"2023-10-17T10:05:24+00:00\" \/>\n<meta property=\"og:image\" content=\"https:\/\/www.aepcbenin.com\/wp-content\/uploads\/2023\/10\/video-preview.png\" \/>\n\t<meta property=\"og:image:width\" content=\"873\" \/>\n\t<meta property=\"og:image:height\" content=\"505\" \/>\n\t<meta property=\"og:image:type\" content=\"image\/png\" \/>\n<meta name=\"author\" content=\"Open-Si\" \/>\n<meta name=\"twitter:card\" content=\"summary_large_image\" \/>\n<meta name=\"twitter:label1\" content=\"\u00c9crit par\" \/>\n\t<meta name=\"twitter:data1\" content=\"Open-Si\" \/>\n\t<meta name=\"twitter:label2\" content=\"Dur\u00e9e de lecture estim\u00e9e\" \/>\n\t<meta name=\"twitter:data2\" content=\"2 minutes\" \/>\n<script type=\"application\/ld+json\" class=\"yoast-schema-graph\">{\"@context\":\"https:\/\/schema.org\",\"@graph\":[{\"@type\":\"Article\",\"@id\":\"https:\/\/www.aepcbenin.com\/?p=686#article\",\"isPartOf\":{\"@id\":\"https:\/\/www.aepcbenin.com\/?p=686\"},\"author\":{\"name\":\"Open-Si\",\"@id\":\"https:\/\/www.aepcbenin.com\/#\/schema\/person\/8ff23ecc8586f2a07009803543ff06f3\"},\"headline\":\"L\u2019Autorit\u00e9 d\u2019enregistrement des projets carbone cr\u00e9\u00e9e\",\"datePublished\":\"2023-09-29T11:04:34+00:00\",\"dateModified\":\"2023-10-17T10:05:24+00:00\",\"mainEntityOfPage\":{\"@id\":\"https:\/\/www.aepcbenin.com\/?p=686\"},\"wordCount\":316,\"commentCount\":0,\"publisher\":{\"@id\":\"https:\/\/www.aepcbenin.com\/#organization\"},\"image\":{\"@id\":\"https:\/\/www.aepcbenin.com\/?p=686#primaryimage\"},\"thumbnailUrl\":\"https:\/\/www.aepcbenin.com\/wp-content\/uploads\/2023\/10\/video-preview.png\",\"articleSection\":[\"Video\"],\"inLanguage\":\"fr-FR\",\"potentialAction\":[{\"@type\":\"CommentAction\",\"name\":\"Comment\",\"target\":[\"https:\/\/www.aepcbenin.com\/?p=686#respond\"]}]},{\"@type\":\"WebPage\",\"@id\":\"https:\/\/www.aepcbenin.com\/?p=686\",\"url\":\"https:\/\/www.aepcbenin.com\/?p=686\",\"name\":\"L\u2019Autorit\u00e9 d\u2019enregistrement des projets carbone cr\u00e9\u00e9e - Autorit\u00e9 d&#039;Enregistrement des Projets Carbone\",\"isPartOf\":{\"@id\":\"https:\/\/www.aepcbenin.com\/#website\"},\"primaryImageOfPage\":{\"@id\":\"https:\/\/www.aepcbenin.com\/?p=686#primaryimage\"},\"image\":{\"@id\":\"https:\/\/www.aepcbenin.com\/?p=686#primaryimage\"},\"thumbnailUrl\":\"https:\/\/www.aepcbenin.com\/wp-content\/uploads\/2023\/10\/video-preview.png\",\"datePublished\":\"2023-09-29T11:04:34+00:00\",\"dateModified\":\"2023-10-17T10:05:24+00:00\",\"breadcrumb\":{\"@id\":\"https:\/\/www.aepcbenin.com\/?p=686#breadcrumb\"},\"inLanguage\":\"fr-FR\",\"potentialAction\":[{\"@type\":\"ReadAction\",\"target\":[\"https:\/\/www.aepcbenin.com\/?p=686\"]}]},{\"@type\":\"ImageObject\",\"inLanguage\":\"fr-FR\",\"@id\":\"https:\/\/www.aepcbenin.com\/?p=686#primaryimage\",\"url\":\"https:\/\/www.aepcbenin.com\/wp-content\/uploads\/2023\/10\/video-preview.png\",\"contentUrl\":\"https:\/\/www.aepcbenin.com\/wp-content\/uploads\/2023\/10\/video-preview.png\",\"width\":873,\"height\":505},{\"@type\":\"BreadcrumbList\",\"@id\":\"https:\/\/www.aepcbenin.com\/?p=686#breadcrumb\",\"itemListElement\":[{\"@type\":\"ListItem\",\"position\":1,\"name\":\"Accueil\",\"item\":\"https:\/\/www.aepcbenin.com\/\"},{\"@type\":\"ListItem\",\"position\":2,\"name\":\"L\u2019Autorit\u00e9 d\u2019enregistrement des projets carbone cr\u00e9\u00e9e\"}]},{\"@type\":\"WebSite\",\"@id\":\"https:\/\/www.aepcbenin.com\/#website\",\"url\":\"https:\/\/www.aepcbenin.com\/\",\"name\":\"Autorite Enregistrement des Projets Carbone\",\"description\":\"\",\"publisher\":{\"@id\":\"https:\/\/www.aepcbenin.com\/#organization\"},\"potentialAction\":[{\"@type\":\"SearchAction\",\"target\":{\"@type\":\"EntryPoint\",\"urlTemplate\":\"https:\/\/www.aepcbenin.com\/?s={search_term_string}\"},\"query-input\":\"required name=search_term_string\"}],\"inLanguage\":\"fr-FR\"},{\"@type\":\"Organization\",\"@id\":\"https:\/\/www.aepcbenin.com\/#organization\",\"name\":\"Autorite Enregistrement des Projets Carbone\",\"url\":\"https:\/\/www.aepcbenin.com\/\",\"logo\":{\"@type\":\"ImageObject\",\"inLanguage\":\"fr-FR\",\"@id\":\"https:\/\/www.aepcbenin.com\/#\/schema\/logo\/image\/\",\"url\":\"https:\/\/www.aepcbenin.com\/wp-content\/uploads\/2023\/10\/aepc-icon-1.png\",\"contentUrl\":\"https:\/\/www.aepcbenin.com\/wp-content\/uploads\/2023\/10\/aepc-icon-1.png\",\"width\":512,\"height\":522,\"caption\":\"Autorite Enregistrement des Projets Carbone\"},\"image\":{\"@id\":\"https:\/\/www.aepcbenin.com\/#\/schema\/logo\/image\/\"}},{\"@type\":\"Person\",\"@id\":\"https:\/\/www.aepcbenin.com\/#\/schema\/person\/8ff23ecc8586f2a07009803543ff06f3\",\"name\":\"Open-Si\",\"image\":{\"@type\":\"ImageObject\",\"inLanguage\":\"fr-FR\",\"@id\":\"https:\/\/www.aepcbenin.com\/#\/schema\/person\/image\/\",\"url\":\"https:\/\/secure.gravatar.com\/avatar\/e1852d51db5f1e70d3b29d6a6c514d585507e0087b1673d7421086ca2f0c0a55?s=96&d=mm&r=g\",\"contentUrl\":\"https:\/\/secure.gravatar.com\/avatar\/e1852d51db5f1e70d3b29d6a6c514d585507e0087b1673d7421086ca2f0c0a55?s=96&d=mm&r=g\",\"caption\":\"Open-Si\"},\"sameAs\":[\"http:\/\/localhost:8888\/Open-si\/AEPC\"],\"url\":\"https:\/\/www.aepcbenin.com\/?author=1\"}]}<\/script>\n<!-- \/ Yoast SEO plugin. -->","yoast_head_json":{"title":"L\u2019Autorit\u00e9 d\u2019enregistrement des projets carbone cr\u00e9\u00e9e - Autorit\u00e9 d&#039;Enregistrement des Projets Carbone","robots":{"index":"index","follow":"follow","max-snippet":"max-snippet:-1","max-image-preview":"max-image-preview:large","max-video-preview":"max-video-preview:-1"},"canonical":"https:\/\/www.aepcbenin.com\/?p=686","og_locale":"fr_FR","og_type":"article","og_title":"L\u2019Autorit\u00e9 d\u2019enregistrement des projets carbone cr\u00e9\u00e9e - Autorit\u00e9 d&#039;Enregistrement des Projets Carbone","og_description":"L&rsquo;information en temps r\u00e9el En Conseil des ministres mercredi 07 d\u00e9cembre 2022, le gouvernement a adopt\u00e9 les modalit\u00e9s d\u2019enregistrement des projets carbone en R\u00e9publique du B\u00e9nin. Le d\u00e9cret portant cr\u00e9ation de l\u2019Autorit\u00e9 d\u2019enregistrement des projets carbone a \u00e9t\u00e9 \u00e9galement adopt\u00e9. Selon le Conseil des ministres, les r\u00e9formes et politiques mises en place en 2016 ont [&hellip;]","og_url":"https:\/\/www.aepcbenin.com\/?p=686","og_site_name":"Autorit\u00e9 d&#039;Enregistrement des Projets Carbone","article_published_time":"2023-09-29T11:04:34+00:00","article_modified_time":"2023-10-17T10:05:24+00:00","og_image":[{"width":873,"height":505,"url":"https:\/\/www.aepcbenin.com\/wp-content\/uploads\/2023\/10\/video-preview.png","type":"image\/png"}],"author":"Open-Si","twitter_card":"summary_large_image","twitter_misc":{"\u00c9crit par":"Open-Si","Dur\u00e9e de lecture estim\u00e9e":"2 minutes"},"schema":{"@context":"https:\/\/schema.org","@graph":[{"@type":"Article","@id":"https:\/\/www.aepcbenin.com\/?p=686#article","isPartOf":{"@id":"https:\/\/www.aepcbenin.com\/?p=686"},"author":{"name":"Open-Si","@id":"https:\/\/www.aepcbenin.com\/#\/schema\/person\/8ff23ecc8586f2a07009803543ff06f3"},"headline":"L\u2019Autorit\u00e9 d\u2019enregistrement des projets carbone cr\u00e9\u00e9e","datePublished":"2023-09-29T11:04:34+00:00","dateModified":"2023-10-17T10:05:24+00:00","mainEntityOfPage":{"@id":"https:\/\/www.aepcbenin.com\/?p=686"},"wordCount":316,"commentCount":0,"publisher":{"@id":"https:\/\/www.aepcbenin.com\/#organization"},"image":{"@id":"https:\/\/www.aepcbenin.com\/?p=686#primaryimage"},"thumbnailUrl":"https:\/\/www.aepcbenin.com\/wp-content\/uploads\/2023\/10\/video-preview.png","articleSection":["Video"],"inLanguage":"fr-FR","potentialAction":[{"@type":"CommentAction","name":"Comment","target":["https:\/\/www.aepcbenin.com\/?p=686#respond"]}]},{"@type":"WebPage","@id":"https:\/\/www.aepcbenin.com\/?p=686","url":"https:\/\/www.aepcbenin.com\/?p=686","name":"L\u2019Autorit\u00e9 d\u2019enregistrement des projets carbone cr\u00e9\u00e9e - Autorit\u00e9 d&#039;Enregistrement des Projets Carbone","isPartOf":{"@id":"https:\/\/www.aepcbenin.com\/#website"},"primaryImageOfPage":{"@id":"https:\/\/www.aepcbenin.com\/?p=686#primaryimage"},"image":{"@id":"https:\/\/www.aepcbenin.com\/?p=686#primaryimage"},"thumbnailUrl":"https:\/\/www.aepcbenin.com\/wp-content\/uploads\/2023\/10\/video-preview.png","datePublished":"2023-09-29T11:04:34+00:00","dateModified":"2023-10-17T10:05:24+00:00","breadcrumb":{"@id":"https:\/\/www.aepcbenin.com\/?p=686#breadcrumb"},"inLanguage":"fr-FR","potentialAction":[{"@type":"ReadAction","target":["https:\/\/www.aepcbenin.com\/?p=686"]}]},{"@type":"ImageObject","inLanguage":"fr-FR","@id":"https:\/\/www.aepcbenin.com\/?p=686#primaryimage","url":"https:\/\/www.aepcbenin.com\/wp-content\/uploads\/2023\/10\/video-preview.png","contentUrl":"https:\/\/www.aepcbenin.com\/wp-content\/uploads\/2023\/10\/video-preview.png","width":873,"height":505},{"@type":"BreadcrumbList","@id":"https:\/\/www.aepcbenin.com\/?p=686#breadcrumb","itemListElement":[{"@type":"ListItem","position":1,"name":"Accueil","item":"https:\/\/www.aepcbenin.com\/"},{"@type":"ListItem","position":2,"name":"L\u2019Autorit\u00e9 d\u2019enregistrement des projets carbone cr\u00e9\u00e9e"}]},{"@type":"WebSite","@id":"https:\/\/www.aepcbenin.com\/#website","url":"https:\/\/www.aepcbenin.com\/","name":"Autorite Enregistrement des Projets Carbone","description":"","publisher":{"@id":"https:\/\/www.aepcbenin.com\/#organization"},"potentialAction":[{"@type":"SearchAction","target":{"@type":"EntryPoint","urlTemplate":"https:\/\/www.aepcbenin.com\/?s={search_term_string}"},"query-input":"required name=search_term_string"}],"inLanguage":"fr-FR"},{"@type":"Organization","@id":"https:\/\/www.aepcbenin.com\/#organization","name":"Autorite Enregistrement des Projets Carbone","url":"https:\/\/www.aepcbenin.com\/","logo":{"@type":"ImageObject","inLanguage":"fr-FR","@id":"https:\/\/www.aepcbenin.com\/#\/schema\/logo\/image\/","url":"https:\/\/www.aepcbenin.com\/wp-content\/uploads\/2023\/10\/aepc-icon-1.png","contentUrl":"https:\/\/www.aepcbenin.com\/wp-content\/uploads\/2023\/10\/aepc-icon-1.png","width":512,"height":522,"caption":"Autorite Enregistrement des Projets Carbone"},"image":{"@id":"https:\/\/www.aepcbenin.com\/#\/schema\/logo\/image\/"}},{"@type":"Person","@id":"https:\/\/www.aepcbenin.com\/#\/schema\/person\/8ff23ecc8586f2a07009803543ff06f3","name":"Open-Si","image":{"@type":"ImageObject","inLanguage":"fr-FR","@id":"https:\/\/www.aepcbenin.com\/#\/schema\/person\/image\/","url":"https:\/\/secure.gravatar.com\/avatar\/e1852d51db5f1e70d3b29d6a6c514d585507e0087b1673d7421086ca2f0c0a55?s=96&d=mm&r=g","contentUrl":"https:\/\/secure.gravatar.com\/avatar\/e1852d51db5f1e70d3b29d6a6c514d585507e0087b1673d7421086ca2f0c0a55?s=96&d=mm&r=g","caption":"Open-Si"},"sameAs":["http:\/\/localhost:8888\/Open-si\/AEPC"],"url":"https:\/\/www.aepcbenin.com\/?author=1"}]}},"acf":[],"_links":{"self":[{"href":"https:\/\/www.aepcbenin.com\/index.php?rest_route=\/wp\/v2\/posts\/686","targetHints":{"allow":["GET"]}}],"collection":[{"href":"https:\/\/www.aepcbenin.com\/index.php?rest_route=\/wp\/v2\/posts"}],"about":[{"href":"https:\/\/www.aepcbenin.com\/index.php?rest_route=\/wp\/v2\/types\/post"}],"author":[{"embeddable":true,"href":"https:\/\/www.aepcbenin.com\/index.php?rest_route=\/wp\/v2\/users\/1"}],"replies":[{"embeddable":true,"href":"https:\/\/www.aepcbenin.com\/index.php?rest_route=%2Fwp%2Fv2%2Fcomments&post=686"}],"version-history":[{"count":3,"href":"https:\/\/www.aepcbenin.com\/index.php?rest_route=\/wp\/v2\/posts\/686\/revisions"}],"predecessor-version":[{"id":1023,"href":"https:\/\/www.aepcbenin.com\/index.php?rest_route=\/wp\/v2\/posts\/686\/revisions\/1023"}],"wp:featuredmedia":[{"embeddable":true,"href":"https:\/\/www.aepcbenin.com\/index.php?rest_route=\/wp\/v2\/media\/1021"}],"wp:attachment":[{"href":"https:\/\/www.aepcbenin.com\/index.php?rest_route=%2Fwp%2Fv2%2Fmedia&parent=686"}],"wp:term":[{"taxonomy":"category","embeddable":true,"href":"https:\/\/www.aepcbenin.com\/index.php?rest_route=%2Fwp%2Fv2%2Fcategories&post=686"},{"taxonomy":"post_tag","embeddable":true,"href":"https:\/\/www.aepcbenin.com\/index.php?rest_route=%2Fwp%2Fv2%2Ftags&post=686"}],"curies":[{"name":"wp","href":"https:\/\/api.w.org\/{rel}","templated":true}]}}