{"id":868,"date":"2023-10-05T18:41:11","date_gmt":"2023-10-05T16:41:11","guid":{"rendered":"http:\/\/137.255.9.37:4225\/?p=868"},"modified":"2023-10-17T10:04:57","modified_gmt":"2023-10-17T10:04:57","slug":"inauguration-du-centre-de-recherche-sur-les-energies-renouvelables-a-cotonou","status":"publish","type":"post","link":"https:\/\/www.aepcbenin.com\/?p=868","title":{"rendered":"Inauguration du centre de recherche sur les \u00e9nergies renouvelables \u00e0 Cotonou"},"content":{"rendered":"\n<p>Un pas de plus vers la transition \u00e9nerg\u00e9tique ! Le nouveau centre de recherche, financ\u00e9 conjointement par le gouvernement b\u00e9ninois et des partenaires internationaux, ouvrira ses portes \u00e0 Cotonou. Il se concentrera sur le d\u00e9veloppement de technologies solaires, \u00e9oliennes et hydrauliques adapt\u00e9es aux besoins et aux sp\u00e9cificit\u00e9s du B\u00e9nin.<\/p>\n\n\n\n<p>Praesent ac sem eget est egestas volutpat. Cras dapibus. Vestibulum facilisis, purus nec pulvinar iaculis, ligula mi congue nunc, vitae euismod ligula urna in dolor. Donec mollis hendrerit risus. Pellentesque libero tortor, tincidunt et, tincidunt eget, semper nec, quam. Curabitur a felis in nunc fringilla tristique. <\/p>\n\n\n\n<p>In hac habitasse platea dictumst. Nunc nulla. Phasellus nec sem in justo pellentesque facilisis. Morbi nec metus. In consectetuer turpis ut velit.<\/p>\n\n\n\n<p>Donec interdum, metus et hendrerit aliquet, dolor diam sagittis ligula, eget egestas libero turpis vel mi. Vivamus euismod mauris. Vestibulum ante ipsum primis in faucibus orci luctus et ultrices posuere cubilia Curae; Fusce id purus. Nullam vel sem. In hac habitasse platea dictumst.<\/p>\n\n\n\n<p>Phasellus consectetuer vestibulum elit. Praesent ac massa at ligula laoreet iaculis. Suspendisse pulvinar, augue ac venenatis condimentum, sem libero volutpat nibh, nec pellentesque velit pede quis nunc. Fusce vel dui. In hac habitasse platea dictumst.<\/p>\n\n\n\n<p>Aenean leo ligula, porttitor eu, consequat vitae, eleifend ac, enim. Nam ipsum risus, rutrum vitae, vestibulum eu, molestie vel, lacus. Aliquam lobortis. Aenean imperdiet. Aliquam erat volutpat.<\/p>\n\n\n\n<p>Ut non enim eleifend felis pretium feugiat. Proin viverra, ligula sit amet ultrices semper, ligula arcu tristique sapien, a accumsan nisi mauris ac eros. Vestibulum fringilla pede sit amet augue. Cras ultricies mi eu turpis hendrerit fringilla. Cras risus ipsum, faucibus ut, ullamcorper id, varius ac, leo.<\/p>\n","protected":false},"excerpt":{"rendered":"<p>Un pas de plus vers la transition \u00e9nerg\u00e9tique ! Le nouveau centre de recherche, financ\u00e9 conjointement par le gouvernement b\u00e9ninois et des partenaires internationaux, ouvrira ses portes \u00e0 Cotonou. Il se concentrera sur le d\u00e9veloppement de technologies solaires, \u00e9oliennes et hydrauliques adapt\u00e9es aux besoins et aux sp\u00e9cificit\u00e9s du B\u00e9nin. Praesent ac sem eget est egestas [&hellip;]<\/p>\n","protected":false},"author":1,"featured_media":1022,"comment_status":"open","ping_status":"open","sticky":false,"template":"","format":"standard","meta":{"om_disable_all_campaigns":false,"_monsterinsights_skip_tracking":false,"_monsterinsights_sitenote_active":false,"_monsterinsights_sitenote_note":"","_monsterinsights_sitenote_category":0,"_uf_show_specific_survey":0,"_uf_disable_surveys":false,"footnotes":""},"categories":[8],"tags":[],"class_list":["post-868","post","type-post","status-publish","format-standard","has-post-thumbnail","hentry","category-compte-rendus"],"aioseo_notices":[],"yoast_head":"<!-- This site is optimized with the Yoast SEO plugin v23.1 - https:\/\/yoast.com\/wordpress\/plugins\/seo\/ -->\n<title>Inauguration du centre de recherche sur les \u00e9nergies renouvelables \u00e0 Cotonou - Autorit\u00e9 d&#039;Enregistrement des Projets Carbone<\/title>\n<meta name=\"robots\" content=\"index, follow, max-snippet:-1, max-image-preview:large, max-video-preview:-1\" \/>\n<link rel=\"canonical\" href=\"https:\/\/www.aepcbenin.com\/?p=868\" \/>\n<meta property=\"og:locale\" content=\"fr_FR\" \/>\n<meta property=\"og:type\" content=\"article\" \/>\n<meta property=\"og:title\" content=\"Inauguration du centre de recherche sur les \u00e9nergies renouvelables \u00e0 Cotonou - Autorit\u00e9 d&#039;Enregistrement des Projets Carbone\" \/>\n<meta property=\"og:description\" content=\"Un pas de plus vers la transition \u00e9nerg\u00e9tique ! Le nouveau centre de recherche, financ\u00e9 conjointement par le gouvernement b\u00e9ninois et des partenaires internationaux, ouvrira ses portes \u00e0 Cotonou. Il se concentrera sur le d\u00e9veloppement de technologies solaires, \u00e9oliennes et hydrauliques adapt\u00e9es aux besoins et aux sp\u00e9cificit\u00e9s du B\u00e9nin. Praesent ac sem eget est egestas [&hellip;]\" \/>\n<meta property=\"og:url\" content=\"https:\/\/www.aepcbenin.com\/?p=868\" \/>\n<meta property=\"og:site_name\" content=\"Autorit\u00e9 d&#039;Enregistrement des Projets Carbone\" \/>\n<meta property=\"article:published_time\" content=\"2023-10-05T16:41:11+00:00\" \/>\n<meta property=\"article:modified_time\" content=\"2023-10-17T10:04:57+00:00\" \/>\n<meta property=\"og:image\" content=\"https:\/\/www.aepcbenin.com\/wp-content\/uploads\/2023\/10\/women-mic-1024x622.png\" \/>\n\t<meta property=\"og:image:width\" content=\"1024\" \/>\n\t<meta property=\"og:image:height\" content=\"622\" \/>\n\t<meta property=\"og:image:type\" content=\"image\/png\" \/>\n<meta name=\"author\" content=\"Open-Si\" \/>\n<meta name=\"twitter:card\" content=\"summary_large_image\" \/>\n<meta name=\"twitter:label1\" content=\"\u00c9crit par\" \/>\n\t<meta name=\"twitter:data1\" content=\"Open-Si\" \/>\n\t<meta name=\"twitter:label2\" content=\"Dur\u00e9e de lecture estim\u00e9e\" \/>\n\t<meta name=\"twitter:data2\" content=\"1 minute\" \/>\n<script type=\"application\/ld+json\" class=\"yoast-schema-graph\">{\"@context\":\"https:\/\/schema.org\",\"@graph\":[{\"@type\":\"Article\",\"@id\":\"https:\/\/www.aepcbenin.com\/?p=868#article\",\"isPartOf\":{\"@id\":\"https:\/\/www.aepcbenin.com\/?p=868\"},\"author\":{\"name\":\"Open-Si\",\"@id\":\"https:\/\/www.aepcbenin.com\/#\/schema\/person\/8ff23ecc8586f2a07009803543ff06f3\"},\"headline\":\"Inauguration du centre de recherche sur les \u00e9nergies renouvelables \u00e0 Cotonou\",\"datePublished\":\"2023-10-05T16:41:11+00:00\",\"dateModified\":\"2023-10-17T10:04:57+00:00\",\"mainEntityOfPage\":{\"@id\":\"https:\/\/www.aepcbenin.com\/?p=868\"},\"wordCount\":284,\"commentCount\":0,\"publisher\":{\"@id\":\"https:\/\/www.aepcbenin.com\/#organization\"},\"image\":{\"@id\":\"https:\/\/www.aepcbenin.com\/?p=868#primaryimage\"},\"thumbnailUrl\":\"https:\/\/www.aepcbenin.com\/wp-content\/uploads\/2023\/10\/women-mic.png\",\"articleSection\":[\"Compte-rendus\"],\"inLanguage\":\"fr-FR\",\"potentialAction\":[{\"@type\":\"CommentAction\",\"name\":\"Comment\",\"target\":[\"https:\/\/www.aepcbenin.com\/?p=868#respond\"]}]},{\"@type\":\"WebPage\",\"@id\":\"https:\/\/www.aepcbenin.com\/?p=868\",\"url\":\"https:\/\/www.aepcbenin.com\/?p=868\",\"name\":\"Inauguration du centre de recherche sur les \u00e9nergies renouvelables \u00e0 Cotonou - Autorit\u00e9 d&#039;Enregistrement des Projets Carbone\",\"isPartOf\":{\"@id\":\"https:\/\/www.aepcbenin.com\/#website\"},\"primaryImageOfPage\":{\"@id\":\"https:\/\/www.aepcbenin.com\/?p=868#primaryimage\"},\"image\":{\"@id\":\"https:\/\/www.aepcbenin.com\/?p=868#primaryimage\"},\"thumbnailUrl\":\"https:\/\/www.aepcbenin.com\/wp-content\/uploads\/2023\/10\/women-mic.png\",\"datePublished\":\"2023-10-05T16:41:11+00:00\",\"dateModified\":\"2023-10-17T10:04:57+00:00\",\"breadcrumb\":{\"@id\":\"https:\/\/www.aepcbenin.com\/?p=868#breadcrumb\"},\"inLanguage\":\"fr-FR\",\"potentialAction\":[{\"@type\":\"ReadAction\",\"target\":[\"https:\/\/www.aepcbenin.com\/?p=868\"]}]},{\"@type\":\"ImageObject\",\"inLanguage\":\"fr-FR\",\"@id\":\"https:\/\/www.aepcbenin.com\/?p=868#primaryimage\",\"url\":\"https:\/\/www.aepcbenin.com\/wp-content\/uploads\/2023\/10\/women-mic.png\",\"contentUrl\":\"https:\/\/www.aepcbenin.com\/wp-content\/uploads\/2023\/10\/women-mic.png\",\"width\":1632,\"height\":991},{\"@type\":\"BreadcrumbList\",\"@id\":\"https:\/\/www.aepcbenin.com\/?p=868#breadcrumb\",\"itemListElement\":[{\"@type\":\"ListItem\",\"position\":1,\"name\":\"Accueil\",\"item\":\"https:\/\/www.aepcbenin.com\/\"},{\"@type\":\"ListItem\",\"position\":2,\"name\":\"Inauguration du centre de recherche sur les \u00e9nergies renouvelables \u00e0 Cotonou\"}]},{\"@type\":\"WebSite\",\"@id\":\"https:\/\/www.aepcbenin.com\/#website\",\"url\":\"https:\/\/www.aepcbenin.com\/\",\"name\":\"Autorite Enregistrement des Projets Carbone\",\"description\":\"\",\"publisher\":{\"@id\":\"https:\/\/www.aepcbenin.com\/#organization\"},\"potentialAction\":[{\"@type\":\"SearchAction\",\"target\":{\"@type\":\"EntryPoint\",\"urlTemplate\":\"https:\/\/www.aepcbenin.com\/?s={search_term_string}\"},\"query-input\":\"required name=search_term_string\"}],\"inLanguage\":\"fr-FR\"},{\"@type\":\"Organization\",\"@id\":\"https:\/\/www.aepcbenin.com\/#organization\",\"name\":\"Autorite Enregistrement des Projets Carbone\",\"url\":\"https:\/\/www.aepcbenin.com\/\",\"logo\":{\"@type\":\"ImageObject\",\"inLanguage\":\"fr-FR\",\"@id\":\"https:\/\/www.aepcbenin.com\/#\/schema\/logo\/image\/\",\"url\":\"https:\/\/www.aepcbenin.com\/wp-content\/uploads\/2023\/10\/aepc-icon-1.png\",\"contentUrl\":\"https:\/\/www.aepcbenin.com\/wp-content\/uploads\/2023\/10\/aepc-icon-1.png\",\"width\":512,\"height\":522,\"caption\":\"Autorite Enregistrement des Projets Carbone\"},\"image\":{\"@id\":\"https:\/\/www.aepcbenin.com\/#\/schema\/logo\/image\/\"}},{\"@type\":\"Person\",\"@id\":\"https:\/\/www.aepcbenin.com\/#\/schema\/person\/8ff23ecc8586f2a07009803543ff06f3\",\"name\":\"Open-Si\",\"image\":{\"@type\":\"ImageObject\",\"inLanguage\":\"fr-FR\",\"@id\":\"https:\/\/www.aepcbenin.com\/#\/schema\/person\/image\/\",\"url\":\"https:\/\/secure.gravatar.com\/avatar\/e1852d51db5f1e70d3b29d6a6c514d585507e0087b1673d7421086ca2f0c0a55?s=96&d=mm&r=g\",\"contentUrl\":\"https:\/\/secure.gravatar.com\/avatar\/e1852d51db5f1e70d3b29d6a6c514d585507e0087b1673d7421086ca2f0c0a55?s=96&d=mm&r=g\",\"caption\":\"Open-Si\"},\"sameAs\":[\"http:\/\/localhost:8888\/Open-si\/AEPC\"],\"url\":\"https:\/\/www.aepcbenin.com\/?author=1\"}]}<\/script>\n<!-- \/ Yoast SEO plugin. -->","yoast_head_json":{"title":"Inauguration du centre de recherche sur les \u00e9nergies renouvelables \u00e0 Cotonou - Autorit\u00e9 d&#039;Enregistrement des Projets Carbone","robots":{"index":"index","follow":"follow","max-snippet":"max-snippet:-1","max-image-preview":"max-image-preview:large","max-video-preview":"max-video-preview:-1"},"canonical":"https:\/\/www.aepcbenin.com\/?p=868","og_locale":"fr_FR","og_type":"article","og_title":"Inauguration du centre de recherche sur les \u00e9nergies renouvelables \u00e0 Cotonou - Autorit\u00e9 d&#039;Enregistrement des Projets Carbone","og_description":"Un pas de plus vers la transition \u00e9nerg\u00e9tique ! Le nouveau centre de recherche, financ\u00e9 conjointement par le gouvernement b\u00e9ninois et des partenaires internationaux, ouvrira ses portes \u00e0 Cotonou. Il se concentrera sur le d\u00e9veloppement de technologies solaires, \u00e9oliennes et hydrauliques adapt\u00e9es aux besoins et aux sp\u00e9cificit\u00e9s du B\u00e9nin. Praesent ac sem eget est egestas [&hellip;]","og_url":"https:\/\/www.aepcbenin.com\/?p=868","og_site_name":"Autorit\u00e9 d&#039;Enregistrement des Projets Carbone","article_published_time":"2023-10-05T16:41:11+00:00","article_modified_time":"2023-10-17T10:04:57+00:00","og_image":[{"width":1024,"height":622,"url":"https:\/\/www.aepcbenin.com\/wp-content\/uploads\/2023\/10\/women-mic-1024x622.png","type":"image\/png"}],"author":"Open-Si","twitter_card":"summary_large_image","twitter_misc":{"\u00c9crit par":"Open-Si","Dur\u00e9e de lecture estim\u00e9e":"1 minute"},"schema":{"@context":"https:\/\/schema.org","@graph":[{"@type":"Article","@id":"https:\/\/www.aepcbenin.com\/?p=868#article","isPartOf":{"@id":"https:\/\/www.aepcbenin.com\/?p=868"},"author":{"name":"Open-Si","@id":"https:\/\/www.aepcbenin.com\/#\/schema\/person\/8ff23ecc8586f2a07009803543ff06f3"},"headline":"Inauguration du centre de recherche sur les \u00e9nergies renouvelables \u00e0 Cotonou","datePublished":"2023-10-05T16:41:11+00:00","dateModified":"2023-10-17T10:04:57+00:00","mainEntityOfPage":{"@id":"https:\/\/www.aepcbenin.com\/?p=868"},"wordCount":284,"commentCount":0,"publisher":{"@id":"https:\/\/www.aepcbenin.com\/#organization"},"image":{"@id":"https:\/\/www.aepcbenin.com\/?p=868#primaryimage"},"thumbnailUrl":"https:\/\/www.aepcbenin.com\/wp-content\/uploads\/2023\/10\/women-mic.png","articleSection":["Compte-rendus"],"inLanguage":"fr-FR","potentialAction":[{"@type":"CommentAction","name":"Comment","target":["https:\/\/www.aepcbenin.com\/?p=868#respond"]}]},{"@type":"WebPage","@id":"https:\/\/www.aepcbenin.com\/?p=868","url":"https:\/\/www.aepcbenin.com\/?p=868","name":"Inauguration du centre de recherche sur les \u00e9nergies renouvelables \u00e0 Cotonou - Autorit\u00e9 d&#039;Enregistrement des Projets Carbone","isPartOf":{"@id":"https:\/\/www.aepcbenin.com\/#website"},"primaryImageOfPage":{"@id":"https:\/\/www.aepcbenin.com\/?p=868#primaryimage"},"image":{"@id":"https:\/\/www.aepcbenin.com\/?p=868#primaryimage"},"thumbnailUrl":"https:\/\/www.aepcbenin.com\/wp-content\/uploads\/2023\/10\/women-mic.png","datePublished":"2023-10-05T16:41:11+00:00","dateModified":"2023-10-17T10:04:57+00:00","breadcrumb":{"@id":"https:\/\/www.aepcbenin.com\/?p=868#breadcrumb"},"inLanguage":"fr-FR","potentialAction":[{"@type":"ReadAction","target":["https:\/\/www.aepcbenin.com\/?p=868"]}]},{"@type":"ImageObject","inLanguage":"fr-FR","@id":"https:\/\/www.aepcbenin.com\/?p=868#primaryimage","url":"https:\/\/www.aepcbenin.com\/wp-content\/uploads\/2023\/10\/women-mic.png","contentUrl":"https:\/\/www.aepcbenin.com\/wp-content\/uploads\/2023\/10\/women-mic.png","width":1632,"height":991},{"@type":"BreadcrumbList","@id":"https:\/\/www.aepcbenin.com\/?p=868#breadcrumb","itemListElement":[{"@type":"ListItem","position":1,"name":"Accueil","item":"https:\/\/www.aepcbenin.com\/"},{"@type":"ListItem","position":2,"name":"Inauguration du centre de recherche sur les \u00e9nergies renouvelables \u00e0 Cotonou"}]},{"@type":"WebSite","@id":"https:\/\/www.aepcbenin.com\/#website","url":"https:\/\/www.aepcbenin.com\/","name":"Autorite Enregistrement des Projets Carbone","description":"","publisher":{"@id":"https:\/\/www.aepcbenin.com\/#organization"},"potentialAction":[{"@type":"SearchAction","target":{"@type":"EntryPoint","urlTemplate":"https:\/\/www.aepcbenin.com\/?s={search_term_string}"},"query-input":"required name=search_term_string"}],"inLanguage":"fr-FR"},{"@type":"Organization","@id":"https:\/\/www.aepcbenin.com\/#organization","name":"Autorite Enregistrement des Projets Carbone","url":"https:\/\/www.aepcbenin.com\/","logo":{"@type":"ImageObject","inLanguage":"fr-FR","@id":"https:\/\/www.aepcbenin.com\/#\/schema\/logo\/image\/","url":"https:\/\/www.aepcbenin.com\/wp-content\/uploads\/2023\/10\/aepc-icon-1.png","contentUrl":"https:\/\/www.aepcbenin.com\/wp-content\/uploads\/2023\/10\/aepc-icon-1.png","width":512,"height":522,"caption":"Autorite Enregistrement des Projets Carbone"},"image":{"@id":"https:\/\/www.aepcbenin.com\/#\/schema\/logo\/image\/"}},{"@type":"Person","@id":"https:\/\/www.aepcbenin.com\/#\/schema\/person\/8ff23ecc8586f2a07009803543ff06f3","name":"Open-Si","image":{"@type":"ImageObject","inLanguage":"fr-FR","@id":"https:\/\/www.aepcbenin.com\/#\/schema\/person\/image\/","url":"https:\/\/secure.gravatar.com\/avatar\/e1852d51db5f1e70d3b29d6a6c514d585507e0087b1673d7421086ca2f0c0a55?s=96&d=mm&r=g","contentUrl":"https:\/\/secure.gravatar.com\/avatar\/e1852d51db5f1e70d3b29d6a6c514d585507e0087b1673d7421086ca2f0c0a55?s=96&d=mm&r=g","caption":"Open-Si"},"sameAs":["http:\/\/localhost:8888\/Open-si\/AEPC"],"url":"https:\/\/www.aepcbenin.com\/?author=1"}]}},"acf":[],"_links":{"self":[{"href":"https:\/\/www.aepcbenin.com\/index.php?rest_route=\/wp\/v2\/posts\/868","targetHints":{"allow":["GET"]}}],"collection":[{"href":"https:\/\/www.aepcbenin.com\/index.php?rest_route=\/wp\/v2\/posts"}],"about":[{"href":"https:\/\/www.aepcbenin.com\/index.php?rest_route=\/wp\/v2\/types\/post"}],"author":[{"embeddable":true,"href":"https:\/\/www.aepcbenin.com\/index.php?rest_route=\/wp\/v2\/users\/1"}],"replies":[{"embeddable":true,"href":"https:\/\/www.aepcbenin.com\/index.php?rest_route=%2Fwp%2Fv2%2Fcomments&post=868"}],"version-history":[{"count":2,"href":"https:\/\/www.aepcbenin.com\/index.php?rest_route=\/wp\/v2\/posts\/868\/revisions"}],"predecessor-version":[{"id":1000,"href":"https:\/\/www.aepcbenin.com\/index.php?rest_route=\/wp\/v2\/posts\/868\/revisions\/1000"}],"wp:featuredmedia":[{"embeddable":true,"href":"https:\/\/www.aepcbenin.com\/index.php?rest_route=\/wp\/v2\/media\/1022"}],"wp:attachment":[{"href":"https:\/\/www.aepcbenin.com\/index.php?rest_route=%2Fwp%2Fv2%2Fmedia&parent=868"}],"wp:term":[{"taxonomy":"category","embeddable":true,"href":"https:\/\/www.aepcbenin.com\/index.php?rest_route=%2Fwp%2Fv2%2Fcategories&post=868"},{"taxonomy":"post_tag","embeddable":true,"href":"https:\/\/www.aepcbenin.com\/index.php?rest_route=%2Fwp%2Fv2%2Ftags&post=868"}],"curies":[{"name":"wp","href":"https:\/\/api.w.org\/{rel}","templated":true}]}}