{"id":870,"date":"2023-10-05T18:41:42","date_gmt":"2023-10-05T16:41:42","guid":{"rendered":"http:\/\/137.255.9.37:4225\/?p=870"},"modified":"2023-10-17T09:28:08","modified_gmt":"2023-10-17T09:28:08","slug":"mise-en-place-dune-plateforme-numerique-pour-le-suivi-des-projets-carbone","status":"publish","type":"post","link":"https:\/\/www.aepcbenin.com\/?p=870","title":{"rendered":"Mise en place d&rsquo;une plateforme num\u00e9rique pour le suivi des projets carbone"},"content":{"rendered":"\n<p>Dans une \u00e8re de digitalisation, le Minist\u00e8re ne reste pas en marge. Une nouvelle plateforme en ligne permettra bient\u00f4t aux citoyens, entreprises et partenaires de suivre en temps r\u00e9el l&rsquo;avancement des diff\u00e9rents projets carbone \u00e0 travers le pays. Elle offrira \u00e9galement des ressources et des formations pour ceux qui souhaitent s&rsquo;engager dans la r\u00e9duction de leur empreinte carbone.<\/p>\n","protected":false},"excerpt":{"rendered":"<p>Dans une \u00e8re de digitalisation, le Minist\u00e8re ne reste pas en marge. Une nouvelle plateforme en ligne permettra bient\u00f4t aux citoyens, entreprises et partenaires de suivre en temps r\u00e9el l&rsquo;avancement des diff\u00e9rents projets carbone \u00e0 travers le pays. Elle offrira \u00e9galement des ressources et des formations pour ceux qui souhaitent s&rsquo;engager dans la r\u00e9duction de [&hellip;]<\/p>\n","protected":false},"author":1,"featured_media":1020,"comment_status":"open","ping_status":"open","sticky":false,"template":"","format":"standard","meta":{"om_disable_all_campaigns":false,"_monsterinsights_skip_tracking":false,"_monsterinsights_sitenote_active":false,"_monsterinsights_sitenote_note":"","_monsterinsights_sitenote_category":0,"_uf_show_specific_survey":0,"_uf_disable_surveys":false,"footnotes":""},"categories":[6],"tags":[],"class_list":["post-870","post","type-post","status-publish","format-standard","has-post-thumbnail","hentry","category-discours"],"aioseo_notices":[],"yoast_head":"<!-- This site is optimized with the Yoast SEO plugin v23.1 - https:\/\/yoast.com\/wordpress\/plugins\/seo\/ -->\n<title>Mise en place d&#039;une plateforme num\u00e9rique pour le suivi des projets carbone - Autorit\u00e9 d&#039;Enregistrement des Projets Carbone<\/title>\n<meta name=\"robots\" content=\"index, follow, max-snippet:-1, max-image-preview:large, max-video-preview:-1\" \/>\n<link rel=\"canonical\" href=\"https:\/\/www.aepcbenin.com\/?p=870\" \/>\n<meta property=\"og:locale\" content=\"fr_FR\" \/>\n<meta property=\"og:type\" content=\"article\" \/>\n<meta property=\"og:title\" content=\"Mise en place d&#039;une plateforme num\u00e9rique pour le suivi des projets carbone - Autorit\u00e9 d&#039;Enregistrement des Projets Carbone\" \/>\n<meta property=\"og:description\" content=\"Dans une \u00e8re de digitalisation, le Minist\u00e8re ne reste pas en marge. Une nouvelle plateforme en ligne permettra bient\u00f4t aux citoyens, entreprises et partenaires de suivre en temps r\u00e9el l&rsquo;avancement des diff\u00e9rents projets carbone \u00e0 travers le pays. Elle offrira \u00e9galement des ressources et des formations pour ceux qui souhaitent s&rsquo;engager dans la r\u00e9duction de [&hellip;]\" \/>\n<meta property=\"og:url\" content=\"https:\/\/www.aepcbenin.com\/?p=870\" \/>\n<meta property=\"og:site_name\" content=\"Autorit\u00e9 d&#039;Enregistrement des Projets Carbone\" \/>\n<meta property=\"article:published_time\" content=\"2023-10-05T16:41:42+00:00\" \/>\n<meta property=\"article:modified_time\" content=\"2023-10-17T09:28:08+00:00\" \/>\n<meta property=\"og:image\" content=\"https:\/\/www.aepcbenin.com\/wp-content\/uploads\/2023\/10\/smoke.png\" \/>\n\t<meta property=\"og:image:width\" content=\"1224\" \/>\n\t<meta property=\"og:image:height\" content=\"661\" \/>\n\t<meta property=\"og:image:type\" content=\"image\/png\" \/>\n<meta name=\"author\" content=\"Open-Si\" \/>\n<meta name=\"twitter:card\" content=\"summary_large_image\" \/>\n<meta name=\"twitter:label1\" content=\"\u00c9crit par\" \/>\n\t<meta name=\"twitter:data1\" content=\"Open-Si\" \/>\n<script type=\"application\/ld+json\" class=\"yoast-schema-graph\">{\"@context\":\"https:\/\/schema.org\",\"@graph\":[{\"@type\":\"Article\",\"@id\":\"https:\/\/www.aepcbenin.com\/?p=870#article\",\"isPartOf\":{\"@id\":\"https:\/\/www.aepcbenin.com\/?p=870\"},\"author\":{\"name\":\"Open-Si\",\"@id\":\"https:\/\/www.aepcbenin.com\/#\/schema\/person\/8ff23ecc8586f2a07009803543ff06f3\"},\"headline\":\"Mise en place d&rsquo;une plateforme num\u00e9rique pour le suivi des projets carbone\",\"datePublished\":\"2023-10-05T16:41:42+00:00\",\"dateModified\":\"2023-10-17T09:28:08+00:00\",\"mainEntityOfPage\":{\"@id\":\"https:\/\/www.aepcbenin.com\/?p=870\"},\"wordCount\":78,\"commentCount\":0,\"publisher\":{\"@id\":\"https:\/\/www.aepcbenin.com\/#organization\"},\"image\":{\"@id\":\"https:\/\/www.aepcbenin.com\/?p=870#primaryimage\"},\"thumbnailUrl\":\"https:\/\/www.aepcbenin.com\/wp-content\/uploads\/2023\/10\/smoke.png\",\"articleSection\":[\"Discours\"],\"inLanguage\":\"fr-FR\",\"potentialAction\":[{\"@type\":\"CommentAction\",\"name\":\"Comment\",\"target\":[\"https:\/\/www.aepcbenin.com\/?p=870#respond\"]}]},{\"@type\":\"WebPage\",\"@id\":\"https:\/\/www.aepcbenin.com\/?p=870\",\"url\":\"https:\/\/www.aepcbenin.com\/?p=870\",\"name\":\"Mise en place d'une plateforme num\u00e9rique pour le suivi des projets carbone - Autorit\u00e9 d&#039;Enregistrement des Projets Carbone\",\"isPartOf\":{\"@id\":\"https:\/\/www.aepcbenin.com\/#website\"},\"primaryImageOfPage\":{\"@id\":\"https:\/\/www.aepcbenin.com\/?p=870#primaryimage\"},\"image\":{\"@id\":\"https:\/\/www.aepcbenin.com\/?p=870#primaryimage\"},\"thumbnailUrl\":\"https:\/\/www.aepcbenin.com\/wp-content\/uploads\/2023\/10\/smoke.png\",\"datePublished\":\"2023-10-05T16:41:42+00:00\",\"dateModified\":\"2023-10-17T09:28:08+00:00\",\"breadcrumb\":{\"@id\":\"https:\/\/www.aepcbenin.com\/?p=870#breadcrumb\"},\"inLanguage\":\"fr-FR\",\"potentialAction\":[{\"@type\":\"ReadAction\",\"target\":[\"https:\/\/www.aepcbenin.com\/?p=870\"]}]},{\"@type\":\"ImageObject\",\"inLanguage\":\"fr-FR\",\"@id\":\"https:\/\/www.aepcbenin.com\/?p=870#primaryimage\",\"url\":\"https:\/\/www.aepcbenin.com\/wp-content\/uploads\/2023\/10\/smoke.png\",\"contentUrl\":\"https:\/\/www.aepcbenin.com\/wp-content\/uploads\/2023\/10\/smoke.png\",\"width\":1224,\"height\":661},{\"@type\":\"BreadcrumbList\",\"@id\":\"https:\/\/www.aepcbenin.com\/?p=870#breadcrumb\",\"itemListElement\":[{\"@type\":\"ListItem\",\"position\":1,\"name\":\"Accueil\",\"item\":\"https:\/\/www.aepcbenin.com\/\"},{\"@type\":\"ListItem\",\"position\":2,\"name\":\"Mise en place d&rsquo;une plateforme num\u00e9rique pour le suivi des projets carbone\"}]},{\"@type\":\"WebSite\",\"@id\":\"https:\/\/www.aepcbenin.com\/#website\",\"url\":\"https:\/\/www.aepcbenin.com\/\",\"name\":\"Autorite Enregistrement des Projets Carbone\",\"description\":\"\",\"publisher\":{\"@id\":\"https:\/\/www.aepcbenin.com\/#organization\"},\"potentialAction\":[{\"@type\":\"SearchAction\",\"target\":{\"@type\":\"EntryPoint\",\"urlTemplate\":\"https:\/\/www.aepcbenin.com\/?s={search_term_string}\"},\"query-input\":\"required name=search_term_string\"}],\"inLanguage\":\"fr-FR\"},{\"@type\":\"Organization\",\"@id\":\"https:\/\/www.aepcbenin.com\/#organization\",\"name\":\"Autorite Enregistrement des Projets Carbone\",\"url\":\"https:\/\/www.aepcbenin.com\/\",\"logo\":{\"@type\":\"ImageObject\",\"inLanguage\":\"fr-FR\",\"@id\":\"https:\/\/www.aepcbenin.com\/#\/schema\/logo\/image\/\",\"url\":\"https:\/\/www.aepcbenin.com\/wp-content\/uploads\/2023\/10\/aepc-icon-1.png\",\"contentUrl\":\"https:\/\/www.aepcbenin.com\/wp-content\/uploads\/2023\/10\/aepc-icon-1.png\",\"width\":512,\"height\":522,\"caption\":\"Autorite Enregistrement des Projets Carbone\"},\"image\":{\"@id\":\"https:\/\/www.aepcbenin.com\/#\/schema\/logo\/image\/\"}},{\"@type\":\"Person\",\"@id\":\"https:\/\/www.aepcbenin.com\/#\/schema\/person\/8ff23ecc8586f2a07009803543ff06f3\",\"name\":\"Open-Si\",\"image\":{\"@type\":\"ImageObject\",\"inLanguage\":\"fr-FR\",\"@id\":\"https:\/\/www.aepcbenin.com\/#\/schema\/person\/image\/\",\"url\":\"https:\/\/secure.gravatar.com\/avatar\/e1852d51db5f1e70d3b29d6a6c514d585507e0087b1673d7421086ca2f0c0a55?s=96&d=mm&r=g\",\"contentUrl\":\"https:\/\/secure.gravatar.com\/avatar\/e1852d51db5f1e70d3b29d6a6c514d585507e0087b1673d7421086ca2f0c0a55?s=96&d=mm&r=g\",\"caption\":\"Open-Si\"},\"sameAs\":[\"http:\/\/localhost:8888\/Open-si\/AEPC\"],\"url\":\"https:\/\/www.aepcbenin.com\/?author=1\"}]}<\/script>\n<!-- \/ Yoast SEO plugin. -->","yoast_head_json":{"title":"Mise en place d'une plateforme num\u00e9rique pour le suivi des projets carbone - Autorit\u00e9 d&#039;Enregistrement des Projets Carbone","robots":{"index":"index","follow":"follow","max-snippet":"max-snippet:-1","max-image-preview":"max-image-preview:large","max-video-preview":"max-video-preview:-1"},"canonical":"https:\/\/www.aepcbenin.com\/?p=870","og_locale":"fr_FR","og_type":"article","og_title":"Mise en place d'une plateforme num\u00e9rique pour le suivi des projets carbone - Autorit\u00e9 d&#039;Enregistrement des Projets Carbone","og_description":"Dans une \u00e8re de digitalisation, le Minist\u00e8re ne reste pas en marge. Une nouvelle plateforme en ligne permettra bient\u00f4t aux citoyens, entreprises et partenaires de suivre en temps r\u00e9el l&rsquo;avancement des diff\u00e9rents projets carbone \u00e0 travers le pays. Elle offrira \u00e9galement des ressources et des formations pour ceux qui souhaitent s&rsquo;engager dans la r\u00e9duction de [&hellip;]","og_url":"https:\/\/www.aepcbenin.com\/?p=870","og_site_name":"Autorit\u00e9 d&#039;Enregistrement des Projets Carbone","article_published_time":"2023-10-05T16:41:42+00:00","article_modified_time":"2023-10-17T09:28:08+00:00","og_image":[{"width":1224,"height":661,"url":"https:\/\/www.aepcbenin.com\/wp-content\/uploads\/2023\/10\/smoke.png","type":"image\/png"}],"author":"Open-Si","twitter_card":"summary_large_image","twitter_misc":{"\u00c9crit par":"Open-Si"},"schema":{"@context":"https:\/\/schema.org","@graph":[{"@type":"Article","@id":"https:\/\/www.aepcbenin.com\/?p=870#article","isPartOf":{"@id":"https:\/\/www.aepcbenin.com\/?p=870"},"author":{"name":"Open-Si","@id":"https:\/\/www.aepcbenin.com\/#\/schema\/person\/8ff23ecc8586f2a07009803543ff06f3"},"headline":"Mise en place d&rsquo;une plateforme num\u00e9rique pour le suivi des projets carbone","datePublished":"2023-10-05T16:41:42+00:00","dateModified":"2023-10-17T09:28:08+00:00","mainEntityOfPage":{"@id":"https:\/\/www.aepcbenin.com\/?p=870"},"wordCount":78,"commentCount":0,"publisher":{"@id":"https:\/\/www.aepcbenin.com\/#organization"},"image":{"@id":"https:\/\/www.aepcbenin.com\/?p=870#primaryimage"},"thumbnailUrl":"https:\/\/www.aepcbenin.com\/wp-content\/uploads\/2023\/10\/smoke.png","articleSection":["Discours"],"inLanguage":"fr-FR","potentialAction":[{"@type":"CommentAction","name":"Comment","target":["https:\/\/www.aepcbenin.com\/?p=870#respond"]}]},{"@type":"WebPage","@id":"https:\/\/www.aepcbenin.com\/?p=870","url":"https:\/\/www.aepcbenin.com\/?p=870","name":"Mise en place d'une plateforme num\u00e9rique pour le suivi des projets carbone - Autorit\u00e9 d&#039;Enregistrement des Projets Carbone","isPartOf":{"@id":"https:\/\/www.aepcbenin.com\/#website"},"primaryImageOfPage":{"@id":"https:\/\/www.aepcbenin.com\/?p=870#primaryimage"},"image":{"@id":"https:\/\/www.aepcbenin.com\/?p=870#primaryimage"},"thumbnailUrl":"https:\/\/www.aepcbenin.com\/wp-content\/uploads\/2023\/10\/smoke.png","datePublished":"2023-10-05T16:41:42+00:00","dateModified":"2023-10-17T09:28:08+00:00","breadcrumb":{"@id":"https:\/\/www.aepcbenin.com\/?p=870#breadcrumb"},"inLanguage":"fr-FR","potentialAction":[{"@type":"ReadAction","target":["https:\/\/www.aepcbenin.com\/?p=870"]}]},{"@type":"ImageObject","inLanguage":"fr-FR","@id":"https:\/\/www.aepcbenin.com\/?p=870#primaryimage","url":"https:\/\/www.aepcbenin.com\/wp-content\/uploads\/2023\/10\/smoke.png","contentUrl":"https:\/\/www.aepcbenin.com\/wp-content\/uploads\/2023\/10\/smoke.png","width":1224,"height":661},{"@type":"BreadcrumbList","@id":"https:\/\/www.aepcbenin.com\/?p=870#breadcrumb","itemListElement":[{"@type":"ListItem","position":1,"name":"Accueil","item":"https:\/\/www.aepcbenin.com\/"},{"@type":"ListItem","position":2,"name":"Mise en place d&rsquo;une plateforme num\u00e9rique pour le suivi des projets carbone"}]},{"@type":"WebSite","@id":"https:\/\/www.aepcbenin.com\/#website","url":"https:\/\/www.aepcbenin.com\/","name":"Autorite Enregistrement des Projets Carbone","description":"","publisher":{"@id":"https:\/\/www.aepcbenin.com\/#organization"},"potentialAction":[{"@type":"SearchAction","target":{"@type":"EntryPoint","urlTemplate":"https:\/\/www.aepcbenin.com\/?s={search_term_string}"},"query-input":"required name=search_term_string"}],"inLanguage":"fr-FR"},{"@type":"Organization","@id":"https:\/\/www.aepcbenin.com\/#organization","name":"Autorite Enregistrement des Projets Carbone","url":"https:\/\/www.aepcbenin.com\/","logo":{"@type":"ImageObject","inLanguage":"fr-FR","@id":"https:\/\/www.aepcbenin.com\/#\/schema\/logo\/image\/","url":"https:\/\/www.aepcbenin.com\/wp-content\/uploads\/2023\/10\/aepc-icon-1.png","contentUrl":"https:\/\/www.aepcbenin.com\/wp-content\/uploads\/2023\/10\/aepc-icon-1.png","width":512,"height":522,"caption":"Autorite Enregistrement des Projets Carbone"},"image":{"@id":"https:\/\/www.aepcbenin.com\/#\/schema\/logo\/image\/"}},{"@type":"Person","@id":"https:\/\/www.aepcbenin.com\/#\/schema\/person\/8ff23ecc8586f2a07009803543ff06f3","name":"Open-Si","image":{"@type":"ImageObject","inLanguage":"fr-FR","@id":"https:\/\/www.aepcbenin.com\/#\/schema\/person\/image\/","url":"https:\/\/secure.gravatar.com\/avatar\/e1852d51db5f1e70d3b29d6a6c514d585507e0087b1673d7421086ca2f0c0a55?s=96&d=mm&r=g","contentUrl":"https:\/\/secure.gravatar.com\/avatar\/e1852d51db5f1e70d3b29d6a6c514d585507e0087b1673d7421086ca2f0c0a55?s=96&d=mm&r=g","caption":"Open-Si"},"sameAs":["http:\/\/localhost:8888\/Open-si\/AEPC"],"url":"https:\/\/www.aepcbenin.com\/?author=1"}]}},"acf":[],"_links":{"self":[{"href":"https:\/\/www.aepcbenin.com\/index.php?rest_route=\/wp\/v2\/posts\/870","targetHints":{"allow":["GET"]}}],"collection":[{"href":"https:\/\/www.aepcbenin.com\/index.php?rest_route=\/wp\/v2\/posts"}],"about":[{"href":"https:\/\/www.aepcbenin.com\/index.php?rest_route=\/wp\/v2\/types\/post"}],"author":[{"embeddable":true,"href":"https:\/\/www.aepcbenin.com\/index.php?rest_route=\/wp\/v2\/users\/1"}],"replies":[{"embeddable":true,"href":"https:\/\/www.aepcbenin.com\/index.php?rest_route=%2Fwp%2Fv2%2Fcomments&post=870"}],"version-history":[{"count":1,"href":"https:\/\/www.aepcbenin.com\/index.php?rest_route=\/wp\/v2\/posts\/870\/revisions"}],"predecessor-version":[{"id":972,"href":"https:\/\/www.aepcbenin.com\/index.php?rest_route=\/wp\/v2\/posts\/870\/revisions\/972"}],"wp:featuredmedia":[{"embeddable":true,"href":"https:\/\/www.aepcbenin.com\/index.php?rest_route=\/wp\/v2\/media\/1020"}],"wp:attachment":[{"href":"https:\/\/www.aepcbenin.com\/index.php?rest_route=%2Fwp%2Fv2%2Fmedia&parent=870"}],"wp:term":[{"taxonomy":"category","embeddable":true,"href":"https:\/\/www.aepcbenin.com\/index.php?rest_route=%2Fwp%2Fv2%2Fcategories&post=870"},{"taxonomy":"post_tag","embeddable":true,"href":"https:\/\/www.aepcbenin.com\/index.php?rest_route=%2Fwp%2Fv2%2Ftags&post=870"}],"curies":[{"name":"wp","href":"https:\/\/api.w.org\/{rel}","templated":true}]}}